{"id":2356,"date":"2026-08-31T18:24:51","date_gmt":"2026-08-31T21:24:51","guid":{"rendered":"https:\/\/marbrasil.org\/rebimar\/?p=2356"},"modified":"2026-08-31T18:24:51","modified_gmt":"2026-08-31T21:24:51","slug":"rebimar-e-ufpr-abrem-nova-turma-de-curso-gratuito-para-formacao-de-professores-em-cultura-oceanica","status":"publish","type":"post","link":"https:\/\/marbrasil.org\/rebimar\/rebimar-e-ufpr-abrem-nova-turma-de-curso-gratuito-para-formacao-de-professores-em-cultura-oceanica\/","title":{"rendered":"Rebimar e UFPR abrem nova turma de curso gratuito para forma\u00e7\u00e3o de professores em cultura oce\u00e2nica"},"content":{"rendered":"<p style=\"text-align: center;\"><em>Forma\u00e7\u00e3o on-line aborda Mata Atl\u00e2ntica, oceano e biodiversidade e oferece materiais pedag\u00f3gicos para uso em sala de aula<\/em><\/p>\n<p>&nbsp;<\/p>\n<figure id=\"attachment_2363\" aria-describedby=\"caption-attachment-2363\" style=\"width: 2560px\" class=\"wp-caption alignnone\"><img fetchpriority=\"high\" decoding=\"async\" class=\"wp-image-2363 size-full\" src=\"https:\/\/marbrasil.org\/rebimar\/wp-content\/uploads\/2026\/08\/Cafe-em-Curso_REBIMAR-36-scaled.jpg\" alt=\"\" width=\"2560\" height=\"1707\" srcset=\"https:\/\/marbrasil.org\/rebimar\/wp-content\/uploads\/2026\/08\/Cafe-em-Curso_REBIMAR-36-scaled.jpg 2560w, https:\/\/marbrasil.org\/rebimar\/wp-content\/uploads\/2026\/08\/Cafe-em-Curso_REBIMAR-36-300x200.jpg 300w, https:\/\/marbrasil.org\/rebimar\/wp-content\/uploads\/2026\/08\/Cafe-em-Curso_REBIMAR-36-1024x683.jpg 1024w, https:\/\/marbrasil.org\/rebimar\/wp-content\/uploads\/2026\/08\/Cafe-em-Curso_REBIMAR-36-768x512.jpg 768w, https:\/\/marbrasil.org\/rebimar\/wp-content\/uploads\/2026\/08\/Cafe-em-Curso_REBIMAR-36-1536x1024.jpg 1536w, https:\/\/marbrasil.org\/rebimar\/wp-content\/uploads\/2026\/08\/Cafe-em-Curso_REBIMAR-36-2048x1365.jpg 2048w\" sizes=\"(max-width: 2560px) 100vw, 2560px\" \/><figcaption id=\"caption-attachment-2363\" class=\"wp-caption-text\">Foto: Gabriel Marchi.<\/figcaption><\/figure>\n<p>O Programa de Recupera\u00e7\u00e3o da Biodiversidade Marinha (Rebimar), em parceria com a Universidade Federal do Paran\u00e1 (UFPR), abre inscri\u00e7\u00f5es para a nova turma do <strong>Curso de Forma\u00e7\u00e3o de Professores: Mata Atl\u00e2ntica e Oceano<\/strong>. Gratuita e on-line, a forma\u00e7\u00e3o \u00e9 voltada principalmente a professores da rede p\u00fablica de ensino e educadores ambientais, mas est\u00e1 aberta a toda a comunidade interessada em educa\u00e7\u00e3o ambiental e cultura oce\u00e2nica.<\/p>\n<p>&nbsp;<\/p>\n<p>Com <strong>30 horas de carga hor\u00e1ria e certifica\u00e7\u00e3o emitida pela UFPR<\/strong>, o curso apresenta conte\u00fados e pr\u00e1ticas pedag\u00f3gicas que ajudam a aproximar os temas relacionados ao oceano e \u00e0 Mata Atl\u00e2ntica da realidade dos estudantes, da alfabetiza\u00e7\u00e3o \u00e0 Educa\u00e7\u00e3o de Jovens e Adultos (EJA).<\/p>\n<p>&nbsp;<\/p>\n<p>A proposta est\u00e1 alinhada aos objetivos da <strong>D\u00e9cada do Oceano (2021-2030)<\/strong>, iniciativa global coordenada pela Organiza\u00e7\u00e3o das Na\u00e7\u00f5es Unidas (ONU) para ampliar o conhecimento, a conserva\u00e7\u00e3o e o uso sustent\u00e1vel dos oceanos. A cultura oce\u00e2nica tamb\u00e9m est\u00e1 entre os princ\u00edpios das chamadas Escolas Azuis, que estimulam a conex\u00e3o entre educa\u00e7\u00e3o, territ\u00f3rio e conserva\u00e7\u00e3o marinha.<\/p>\n<p>&nbsp;<\/p>\n<p>&nbsp;<\/p>\n<p><strong>Da sala de aula para o territ\u00f3rio<\/strong><\/p>\n<p>O curso ser\u00e1 realizado de forma ass\u00edncrona, em parceria com o <strong>Laborat\u00f3rio M\u00f3vel de Educa\u00e7\u00e3o Cient\u00edfica (LabM\u00f3vel)<\/strong> do Setor Litoral da UFPR, respons\u00e1vel pela plataforma digital onde os conte\u00fados s\u00e3o disponibilizados. A iniciativa integra as a\u00e7\u00f5es de educa\u00e7\u00e3o ambiental do Rebimar, programa patrocinado pelo Programa Petrobras Socioambiental, e conta ainda com parcerias institucionais, incluindo secretarias estadual e municipais de educa\u00e7\u00e3o.<\/p>\n<p>&nbsp;<\/p>\n<p>A forma\u00e7\u00e3o aborda temas como fauna marinha e esp\u00e9cies amea\u00e7adas, pesca e ocupa\u00e7\u00e3o humana do litoral, sambaquis e patrim\u00f4nio cultural, cost\u00f5es rochosos, lixo no mar, mudan\u00e7as clim\u00e1ticas, extin\u00e7\u00e3o de esp\u00e9cies e o conceito de Uma S\u00f3 Sa\u00fade (<em>One Health<\/em>).<\/p>\n<p>&nbsp;<\/p>\n<p>Mais do que apresentar conte\u00fados te\u00f3ricos, a proposta \u00e9 mostrar aos professores como transformar esses temas em experi\u00eancias pedag\u00f3gicas relacionadas ao cotidiano dos alunos. Para isso, s\u00e3o disponibilizados materiais que podem ser utilizados diretamente em sala de aula, como cartilhas, guias de atividades, apostilas e livro infantil.<\/p>\n<p>&nbsp;<\/p>\n<p>Poesia, gr\u00e1ficos, tabelas, reportagens, avisos, maquetes e obras de arte est\u00e3o entre as ferramentas sugeridas para trabalhar a cultura oce\u00e2nica em diferentes disciplinas.<\/p>\n<p>&nbsp;<\/p>\n<figure id=\"attachment_2362\" aria-describedby=\"caption-attachment-2362\" style=\"width: 2560px\" class=\"wp-caption alignnone\"><img decoding=\"async\" class=\"wp-image-2362 size-full\" src=\"https:\/\/marbrasil.org\/rebimar\/wp-content\/uploads\/2026\/08\/Cafe-em-Curso_REBIMAR-9-scaled.jpg\" alt=\"\" width=\"2560\" height=\"1707\" srcset=\"https:\/\/marbrasil.org\/rebimar\/wp-content\/uploads\/2026\/08\/Cafe-em-Curso_REBIMAR-9-scaled.jpg 2560w, https:\/\/marbrasil.org\/rebimar\/wp-content\/uploads\/2026\/08\/Cafe-em-Curso_REBIMAR-9-300x200.jpg 300w, https:\/\/marbrasil.org\/rebimar\/wp-content\/uploads\/2026\/08\/Cafe-em-Curso_REBIMAR-9-1024x683.jpg 1024w, https:\/\/marbrasil.org\/rebimar\/wp-content\/uploads\/2026\/08\/Cafe-em-Curso_REBIMAR-9-768x512.jpg 768w, https:\/\/marbrasil.org\/rebimar\/wp-content\/uploads\/2026\/08\/Cafe-em-Curso_REBIMAR-9-1536x1024.jpg 1536w, https:\/\/marbrasil.org\/rebimar\/wp-content\/uploads\/2026\/08\/Cafe-em-Curso_REBIMAR-9-2048x1365.jpg 2048w\" sizes=\"(max-width: 2560px) 100vw, 2560px\" \/><figcaption id=\"caption-attachment-2362\" class=\"wp-caption-text\">Curso oferece materiais did\u00e1ticos e sugest\u00f5es de atividades em sala de aula. Foto: Gabriel Marchi.<\/figcaption><\/figure>\n<p>&nbsp;<\/p>\n<p>Para o professor <strong>Marcos Gernet<\/strong>, do Laborat\u00f3rio de Evolu\u00e7\u00e3o e Diversidade Zool\u00f3gica da UFPR e um dos ministrantes do curso, conhecer o territ\u00f3rio \u00e9 fundamental para desenvolver uma rela\u00e7\u00e3o de pertencimento e responsabilidade com o meio ambiente.<\/p>\n<p>&nbsp;<\/p>\n<p>\u201cQuando n\u00e3o h\u00e1 percep\u00e7\u00e3o de onde se vive, n\u00e3o se pensa no macro. Como voc\u00ea vai cuidar de algo que n\u00e3o sabe o que \u00e9? Como vai se sentir pertencente a algo que nem sabe que existe? Essas barreiras \u00e9 que precisamos continuar quebrando\u201d, afirma Gernet.<\/p>\n<p>&nbsp;<\/p>\n<figure id=\"attachment_2358\" aria-describedby=\"caption-attachment-2358\" style=\"width: 2560px\" class=\"wp-caption alignnone\"><img decoding=\"async\" class=\"wp-image-2358 size-full\" src=\"https:\/\/marbrasil.org\/rebimar\/wp-content\/uploads\/2026\/08\/Cafe-em-Curso_REBIMAR-39-scaled.jpg\" alt=\"\" width=\"2560\" height=\"1707\" srcset=\"https:\/\/marbrasil.org\/rebimar\/wp-content\/uploads\/2026\/08\/Cafe-em-Curso_REBIMAR-39-scaled.jpg 2560w, https:\/\/marbrasil.org\/rebimar\/wp-content\/uploads\/2026\/08\/Cafe-em-Curso_REBIMAR-39-300x200.jpg 300w, https:\/\/marbrasil.org\/rebimar\/wp-content\/uploads\/2026\/08\/Cafe-em-Curso_REBIMAR-39-1024x683.jpg 1024w, https:\/\/marbrasil.org\/rebimar\/wp-content\/uploads\/2026\/08\/Cafe-em-Curso_REBIMAR-39-768x512.jpg 768w, https:\/\/marbrasil.org\/rebimar\/wp-content\/uploads\/2026\/08\/Cafe-em-Curso_REBIMAR-39-1536x1024.jpg 1536w, https:\/\/marbrasil.org\/rebimar\/wp-content\/uploads\/2026\/08\/Cafe-em-Curso_REBIMAR-39-2048x1365.jpg 2048w\" sizes=\"(max-width: 2560px) 100vw, 2560px\" \/><figcaption id=\"caption-attachment-2358\" class=\"wp-caption-text\">Professor Marcos Gernet (UFPR), um dos ministrantes do curso. Foto: Gabriel Marchi.<\/figcaption><\/figure>\n<p>&nbsp;<\/p>\n<p>A coordenadora-geral do Rebimar, <strong>Lilyane Fontoura<\/strong>, destaca que o formato on-line permite ampliar o alcance da forma\u00e7\u00e3o e criar uma rede de professores em diferentes regi\u00f5es do pa\u00eds. \u201cA internet nos d\u00e1 a possibilidade de ampliar o alcance desta rede de forma\u00e7\u00e3o. Ofertamos todos os materiais gratuitamente em nosso site, \u00e9 s\u00f3 baixar e educar.\u201d<\/p>\n<p>&nbsp;<\/p>\n<p><strong>160 professores formados no primeiro semestre<\/strong><\/p>\n<p>&nbsp;<\/p>\n<p>Esta \u00e9 a <strong>segunda turma do curso em 2026<\/strong>. No primeiro semestre, <strong>160 professores e educadores ambientais<\/strong> conclu\u00edram a forma\u00e7\u00e3o. Como as aulas s\u00e3o on-line, participaram profissionais de diferentes estados onde o bioma Mata Atl\u00e2ntica est\u00e1 presente.<\/p>\n<p>&nbsp;<\/p>\n<p>Para <strong>Emerson Joucoski<\/strong>, coordenador de Educa\u00e7\u00e3o Ambiental do Rebimar e da p\u00f3s-gradua\u00e7\u00e3o em Desenvolvimento Territorial Sustent\u00e1vel da UFPR, a forma\u00e7\u00e3o continuada \u00e9 uma ferramenta importante para atualizar as pr\u00e1ticas pedag\u00f3gicas e ampliar o conhecimento dos professores sobre o territ\u00f3rio.<\/p>\n<p>&nbsp;<\/p>\n<p>\u201cO material foge do estilo padronizado das escolas e mostra a riqueza de nossa biodiversidade, permitindo aos docentes descobrir novas pr\u00e1ticas pedag\u00f3gicas envolvendo a cultura oce\u00e2nica\u201d, afirma Joucoski.<\/p>\n<p>&nbsp;<\/p>\n<p>Ele tamb\u00e9m ressalta que a certifica\u00e7\u00e3o do curso pode ser utilizada pelos profissionais para fins de progress\u00e3o de carreira, conforme as regras de cada rede de ensino.<\/p>\n<p>&nbsp;<\/p>\n<p>&nbsp;<\/p>\n<figure id=\"attachment_2361\" aria-describedby=\"caption-attachment-2361\" style=\"width: 2560px\" class=\"wp-caption alignnone\"><img loading=\"lazy\" decoding=\"async\" class=\"wp-image-2361 size-full\" src=\"https:\/\/marbrasil.org\/rebimar\/wp-content\/uploads\/2026\/08\/Cafe-em-Curso_REBIMAR-12-scaled.jpg\" alt=\"\" width=\"2560\" height=\"1707\" srcset=\"https:\/\/marbrasil.org\/rebimar\/wp-content\/uploads\/2026\/08\/Cafe-em-Curso_REBIMAR-12-scaled.jpg 2560w, https:\/\/marbrasil.org\/rebimar\/wp-content\/uploads\/2026\/08\/Cafe-em-Curso_REBIMAR-12-300x200.jpg 300w, https:\/\/marbrasil.org\/rebimar\/wp-content\/uploads\/2026\/08\/Cafe-em-Curso_REBIMAR-12-1024x683.jpg 1024w, https:\/\/marbrasil.org\/rebimar\/wp-content\/uploads\/2026\/08\/Cafe-em-Curso_REBIMAR-12-768x512.jpg 768w, https:\/\/marbrasil.org\/rebimar\/wp-content\/uploads\/2026\/08\/Cafe-em-Curso_REBIMAR-12-1536x1024.jpg 1536w, https:\/\/marbrasil.org\/rebimar\/wp-content\/uploads\/2026\/08\/Cafe-em-Curso_REBIMAR-12-2048x1365.jpg 2048w\" sizes=\"(max-width: 2560px) 100vw, 2560px\" \/><figcaption id=\"caption-attachment-2361\" class=\"wp-caption-text\">Lilyane Foutoura (Rebimar) e Emerson Joucoski (UFPR). Foto: Gabriel Marchi.<\/figcaption><\/figure>\n<p>&nbsp;<\/p>\n<p><strong>Conhecimento que chega \u00e0 sala de aula<\/strong><\/p>\n<p>&nbsp;<\/p>\n<p>A experi\u00eancia da \u00faltima turma mostra como os conte\u00fados podem ser adaptados a diferentes faixas et\u00e1rias e disciplinas. A professora <strong>Daniela Fernandes<\/strong>, da Escola Municipal Em\u00edlio de Menezes, em S\u00e3o Jos\u00e9 dos Pinhais, trabalhou os conte\u00fados com seus alunos a partir do interesse despertado pelos animais marinhos.<\/p>\n<p>&nbsp;<\/p>\n<p>&nbsp;<\/p>\n<figure id=\"attachment_2359\" aria-describedby=\"caption-attachment-2359\" style=\"width: 1600px\" class=\"wp-caption alignnone\"><img loading=\"lazy\" decoding=\"async\" class=\"wp-image-2359 size-full\" src=\"https:\/\/marbrasil.org\/rebimar\/wp-content\/uploads\/2026\/08\/WhatsApp-Image-2026-07-02-at-16.46.38.jpeg\" alt=\"\" width=\"1600\" height=\"1196\" srcset=\"https:\/\/marbrasil.org\/rebimar\/wp-content\/uploads\/2026\/08\/WhatsApp-Image-2026-07-02-at-16.46.38.jpeg 1600w, https:\/\/marbrasil.org\/rebimar\/wp-content\/uploads\/2026\/08\/WhatsApp-Image-2026-07-02-at-16.46.38-300x224.jpeg 300w, https:\/\/marbrasil.org\/rebimar\/wp-content\/uploads\/2026\/08\/WhatsApp-Image-2026-07-02-at-16.46.38-1024x765.jpeg 1024w, https:\/\/marbrasil.org\/rebimar\/wp-content\/uploads\/2026\/08\/WhatsApp-Image-2026-07-02-at-16.46.38-768x574.jpeg 768w, https:\/\/marbrasil.org\/rebimar\/wp-content\/uploads\/2026\/08\/WhatsApp-Image-2026-07-02-at-16.46.38-1536x1148.jpeg 1536w\" sizes=\"(max-width: 1600px) 100vw, 1600px\" \/><figcaption id=\"caption-attachment-2359\" class=\"wp-caption-text\">Trabalho desenvolvido com as crian\u00e7as na escola de S\u00e3o Jos\u00e9 dos Pinhais. Foto: acervo pessoal.<\/figcaption><\/figure>\n<p>\u201cMuitos nem sabiam que o mero existe aqui no nosso litoral, ou o que s\u00e3o sambaquis. Ent\u00e3o, trabalhei desde g\u00eaneros textuais at\u00e9 n\u00fameros, fazendo com que, brincando, reflitam sobre a import\u00e2ncia da biodiversidade, dos ecossistemas e da conserva\u00e7\u00e3o\u201d, conta. \u201cO resultado foi incr\u00edvel.\u201d<\/p>\n<p>&nbsp;<\/p>\n<p>J\u00e1 a professora <strong>Fabiana Rodrigues<\/strong>, do Col\u00e9gio Estadual Cid\u00e1lia Gomes, em Paranagu\u00e1, encontrou no curso novas maneiras de abordar a rela\u00e7\u00e3o entre seus alunos adultos e o ambiente em que vivem.<\/p>\n<p>&nbsp;<\/p>\n<p>\u201cEles percebem o lixo do mangue subindo com as chuvas e chegando na porta de casa, sabem o quanto o lixo dificulta a pesca, mas n\u00e3o separavam o recicl\u00e1vel. Ent\u00e3o, trabalhamos para que entendam sua pr\u00f3pria realidade e responsabilidade como comunidades cai\u00e7aras\u201d, conta Fabiana. Segundo ela, os conte\u00fados tamb\u00e9m permitiram trabalhar temas como legisla\u00e7\u00e3o e cidadania.<\/p>\n<p>&nbsp;<\/p>\n<p>Em Colombo e Curitiba, a professora de Artes <strong>Val\u00e9ria Acioli<\/strong> tamb\u00e9m utilizou os conte\u00fados do curso em suas aulas. A experi\u00eancia a levou a defender que o tema seja ampliado para outros professores da rede estadual.<\/p>\n<p>&nbsp;<\/p>\n<p>\u201cO curso trouxe outras abordagens, para ir al\u00e9m das pr\u00e1ticas tradicionais. \u00c9 tanta informa\u00e7\u00e3o sobre mar que, muitas vezes, nem n\u00f3s professores conhecemos. Sa\u00edmos do curso com novos temas, um grande vocabul\u00e1rio mar\u00edtimo e o conhecimento de datas importantes\u201d, afirma.<\/p>\n<p>&nbsp;<\/p>\n<p><strong>Inscri\u00e7\u00f5es<\/strong><\/p>\n<p>&nbsp;<\/p>\n<p>As aulas da nova turma come\u00e7am em <strong>1\u00ba de outubro<\/strong> e seguem at\u00e9 <strong>28 de fevereiro<\/strong>. Como a plataforma \u00e9 ass\u00edncrona, os participantes n\u00e3o precisam estar conectados simultaneamente. Os m\u00f3dulos s\u00e3o liberados de acordo com o cronograma dispon\u00edvel na p\u00e1gina inicial do curso e podem ser acompanhados conforme a disponibilidade de cada participante.<\/p>\n<p>&nbsp;<\/p>\n<p><strong>As inscri\u00e7\u00f5es para o Curso de Forma\u00e7\u00e3o de Professores Rebimar: Mata Atl\u00e2ntica e Oceano devem ser feitas pelo link:<\/strong><br \/>\n<a href=\"https:\/\/forms.gle\/LiFLCLgBbsjGjvc68\">https:\/\/forms.gle\/LiFLCLgBbsjGjvc68<\/a><\/p>\n<p>&nbsp;<\/p>\n<p>&nbsp;<\/p>\n<p><img loading=\"lazy\" decoding=\"async\" class=\"aligncenter wp-image-2365 size-full\" src=\"https:\/\/marbrasil.org\/rebimar\/wp-content\/uploads\/2026\/08\/logo-Rebimar.png\" alt=\"\" width=\"886\" height=\"232\" srcset=\"https:\/\/marbrasil.org\/rebimar\/wp-content\/uploads\/2026\/08\/logo-Rebimar.png 886w, https:\/\/marbrasil.org\/rebimar\/wp-content\/uploads\/2026\/08\/logo-Rebimar-300x79.png 300w, https:\/\/marbrasil.org\/rebimar\/wp-content\/uploads\/2026\/08\/logo-Rebimar-768x201.png 768w\" sizes=\"(max-width: 886px) 100vw, 886px\" \/><\/p>\n<p>O Programa Rebimar \u00e9 um conjunto de a\u00e7\u00f5es socioambientais voltadas para a conserva\u00e7\u00e3o da regi\u00e3o da Grande Reserva Mata Atl\u00e2ntica. A iniciativa faz parte da Associa\u00e7\u00e3o MarBrasil, tem patroc\u00ednio da Petrobras por meio do Programa Petrobras Socioambiental e conta com apoio cient\u00edfico de UFPR, UNESPAR, IFPR, UNESP e USP.<\/p>\n<p><strong>Saiba mais:<\/strong><\/p>\n<p><a href=\"http:\/\/www.marbrasil.org\/rebimar\"><strong>www.marbrasil.org\/rebimar<\/strong><\/a><\/p>\n<p><a href=\"http:\/\/www.ufpr.br\"><strong>www.ufpr.br<\/strong><\/a><\/p>\n<p><strong>@AssociacaoMarBrasil<\/strong><\/p>\n<p><strong>@ProgramaRebimar<\/strong><\/p>\n<p><strong>@ufproficial<\/strong><\/p>\n<p><strong>@Petrobras<\/strong><\/p>\n<p>&nbsp;<\/p>\n<p>&nbsp;<\/p>\n","protected":false},"excerpt":{"rendered":"<p>Forma\u00e7\u00e3o on-line aborda Mata Atl\u00e2ntica, oceano e biodiversidade e oferece materiais pedag\u00f3gicos para uso em sala de aula &nbsp; O Programa de Recupera\u00e7\u00e3o da Biodiversidade Marinha (Rebimar), em parceria com a Universidade Federal do Paran\u00e1 (UFPR), abre inscri\u00e7\u00f5es para a nova turma do Curso de Forma\u00e7\u00e3o de Professores: Mata Atl\u00e2ntica e Oceano. Gratuita e on-line, [&hellip;]<\/p>\n","protected":false},"author":5,"featured_media":2363,"comment_status":"open","ping_status":"open","sticky":false,"template":"","format":"standard","meta":{"footnotes":""},"categories":[1],"tags":[24,77,41,64,48,69],"class_list":["post-2356","post","type-post","status-publish","format-standard","has-post-thumbnail","hentry","category-release","tag-associacao-marbrasil","tag-curso-para-professores","tag-educacao-ambiental","tag-labmovel-ufpr","tag-litoral-do-parana","tag-petrobras-socioambiental"],"yoast_head":"<!-- This site is optimized with the Yoast SEO plugin v28.3 - https:\/\/yoast.com\/product\/yoast-seo-wordpress\/ -->\n<title>Rebimar e UFPR abrem nova turma de curso gratuito para forma\u00e7\u00e3o de professores em cultura oce\u00e2nica - Rebimar<\/title>\n<meta name=\"robots\" content=\"index, follow, max-snippet:-1, max-image-preview:large, max-video-preview:-1\" \/>\n<link rel=\"canonical\" href=\"https:\/\/marbrasil.org\/rebimar\/rebimar-e-ufpr-abrem-nova-turma-de-curso-gratuito-para-formacao-de-professores-em-cultura-oceanica\/\" \/>\n<meta property=\"og:locale\" content=\"pt_BR\" \/>\n<meta property=\"og:type\" content=\"article\" \/>\n<meta property=\"og:title\" content=\"Rebimar e UFPR abrem nova turma de curso gratuito para forma\u00e7\u00e3o de professores em cultura oce\u00e2nica - Rebimar\" \/>\n<meta property=\"og:description\" content=\"Forma\u00e7\u00e3o on-line aborda Mata Atl\u00e2ntica, oceano e biodiversidade e oferece materiais pedag\u00f3gicos para uso em sala de aula &nbsp; O Programa de Recupera\u00e7\u00e3o da Biodiversidade Marinha (Rebimar), em parceria com a Universidade Federal do Paran\u00e1 (UFPR), abre inscri\u00e7\u00f5es para a nova turma do Curso de Forma\u00e7\u00e3o de Professores: Mata Atl\u00e2ntica e Oceano. Gratuita e on-line, [&hellip;]\" \/>\n<meta property=\"og:url\" content=\"https:\/\/marbrasil.org\/rebimar\/rebimar-e-ufpr-abrem-nova-turma-de-curso-gratuito-para-formacao-de-professores-em-cultura-oceanica\/\" \/>\n<meta property=\"og:site_name\" content=\"Rebimar\" \/>\n<meta property=\"article:published_time\" content=\"2026-08-31T21:24:51+00:00\" \/>\n<meta property=\"og:image\" content=\"https:\/\/marbrasil.org\/rebimar\/wp-content\/uploads\/2026\/08\/Cafe-em-Curso_REBIMAR-36-scaled.jpg\" \/>\n\t<meta property=\"og:image:width\" content=\"2560\" \/>\n\t<meta property=\"og:image:height\" content=\"1707\" \/>\n\t<meta property=\"og:image:type\" content=\"image\/jpeg\" \/>\n<meta name=\"author\" content=\"Comunica\u00e7\u00e3o Rebimar\" \/>\n<meta name=\"twitter:card\" content=\"summary_large_image\" \/>\n<meta name=\"twitter:label1\" content=\"Escrito por\" \/>\n\t<meta name=\"twitter:data1\" content=\"Comunica\u00e7\u00e3o Rebimar\" \/>\n\t<meta name=\"twitter:label2\" content=\"Est. tempo de leitura\" \/>\n\t<meta name=\"twitter:data2\" content=\"8 minutos\" \/>\n<script type=\"application\/ld+json\" class=\"yoast-schema-graph\">{\"@context\":\"https:\\\/\\\/schema.org\",\"@graph\":[{\"@type\":\"Article\",\"@id\":\"https:\\\/\\\/marbrasil.org\\\/rebimar\\\/rebimar-e-ufpr-abrem-nova-turma-de-curso-gratuito-para-formacao-de-professores-em-cultura-oceanica\\\/#article\",\"isPartOf\":{\"@id\":\"https:\\\/\\\/marbrasil.org\\\/rebimar\\\/rebimar-e-ufpr-abrem-nova-turma-de-curso-gratuito-para-formacao-de-professores-em-cultura-oceanica\\\/\"},\"author\":{\"name\":\"Comunica\u00e7\u00e3o Rebimar\",\"@id\":\"https:\\\/\\\/marbrasil.org\\\/rebimar\\\/#\\\/schema\\\/person\\\/b3905692459aa8d203f40be261b1b32d\"},\"headline\":\"Rebimar e UFPR abrem nova turma de curso gratuito para forma\u00e7\u00e3o de professores em cultura oce\u00e2nica\",\"datePublished\":\"2026-08-31T21:24:51+00:00\",\"mainEntityOfPage\":{\"@id\":\"https:\\\/\\\/marbrasil.org\\\/rebimar\\\/rebimar-e-ufpr-abrem-nova-turma-de-curso-gratuito-para-formacao-de-professores-em-cultura-oceanica\\\/\"},\"wordCount\":1305,\"commentCount\":0,\"publisher\":{\"@id\":\"https:\\\/\\\/marbrasil.org\\\/rebimar\\\/#organization\"},\"image\":{\"@id\":\"https:\\\/\\\/marbrasil.org\\\/rebimar\\\/rebimar-e-ufpr-abrem-nova-turma-de-curso-gratuito-para-formacao-de-professores-em-cultura-oceanica\\\/#primaryimage\"},\"thumbnailUrl\":\"https:\\\/\\\/marbrasil.org\\\/rebimar\\\/wp-content\\\/uploads\\\/2026\\\/08\\\/Cafe-em-Curso_REBIMAR-36-scaled.jpg\",\"keywords\":[\"Associa\u00e7\u00e3o MarBrasil\",\"curso para professores\",\"educa\u00e7\u00e3o ambiental\",\"Labmovel UFPR\",\"Litoral do Paran\u00e1\",\"Petrobras Socioambiental\"],\"articleSection\":[\"Release\"],\"inLanguage\":\"pt-BR\",\"potentialAction\":[{\"@type\":\"CommentAction\",\"name\":\"Comment\",\"target\":[\"https:\\\/\\\/marbrasil.org\\\/rebimar\\\/rebimar-e-ufpr-abrem-nova-turma-de-curso-gratuito-para-formacao-de-professores-em-cultura-oceanica\\\/#respond\"]}]},{\"@type\":\"WebPage\",\"@id\":\"https:\\\/\\\/marbrasil.org\\\/rebimar\\\/rebimar-e-ufpr-abrem-nova-turma-de-curso-gratuito-para-formacao-de-professores-em-cultura-oceanica\\\/\",\"url\":\"https:\\\/\\\/marbrasil.org\\\/rebimar\\\/rebimar-e-ufpr-abrem-nova-turma-de-curso-gratuito-para-formacao-de-professores-em-cultura-oceanica\\\/\",\"name\":\"Rebimar e UFPR abrem nova turma de curso gratuito para forma\u00e7\u00e3o de professores em cultura oce\u00e2nica - Rebimar\",\"isPartOf\":{\"@id\":\"https:\\\/\\\/marbrasil.org\\\/rebimar\\\/#website\"},\"primaryImageOfPage\":{\"@id\":\"https:\\\/\\\/marbrasil.org\\\/rebimar\\\/rebimar-e-ufpr-abrem-nova-turma-de-curso-gratuito-para-formacao-de-professores-em-cultura-oceanica\\\/#primaryimage\"},\"image\":{\"@id\":\"https:\\\/\\\/marbrasil.org\\\/rebimar\\\/rebimar-e-ufpr-abrem-nova-turma-de-curso-gratuito-para-formacao-de-professores-em-cultura-oceanica\\\/#primaryimage\"},\"thumbnailUrl\":\"https:\\\/\\\/marbrasil.org\\\/rebimar\\\/wp-content\\\/uploads\\\/2026\\\/08\\\/Cafe-em-Curso_REBIMAR-36-scaled.jpg\",\"datePublished\":\"2026-08-31T21:24:51+00:00\",\"breadcrumb\":{\"@id\":\"https:\\\/\\\/marbrasil.org\\\/rebimar\\\/rebimar-e-ufpr-abrem-nova-turma-de-curso-gratuito-para-formacao-de-professores-em-cultura-oceanica\\\/#breadcrumb\"},\"inLanguage\":\"pt-BR\",\"potentialAction\":[{\"@type\":\"ReadAction\",\"target\":[\"https:\\\/\\\/marbrasil.org\\\/rebimar\\\/rebimar-e-ufpr-abrem-nova-turma-de-curso-gratuito-para-formacao-de-professores-em-cultura-oceanica\\\/\"]}]},{\"@type\":\"ImageObject\",\"inLanguage\":\"pt-BR\",\"@id\":\"https:\\\/\\\/marbrasil.org\\\/rebimar\\\/rebimar-e-ufpr-abrem-nova-turma-de-curso-gratuito-para-formacao-de-professores-em-cultura-oceanica\\\/#primaryimage\",\"url\":\"https:\\\/\\\/marbrasil.org\\\/rebimar\\\/wp-content\\\/uploads\\\/2026\\\/08\\\/Cafe-em-Curso_REBIMAR-36-scaled.jpg\",\"contentUrl\":\"https:\\\/\\\/marbrasil.org\\\/rebimar\\\/wp-content\\\/uploads\\\/2026\\\/08\\\/Cafe-em-Curso_REBIMAR-36-scaled.jpg\",\"width\":2560,\"height\":1707},{\"@type\":\"BreadcrumbList\",\"@id\":\"https:\\\/\\\/marbrasil.org\\\/rebimar\\\/rebimar-e-ufpr-abrem-nova-turma-de-curso-gratuito-para-formacao-de-professores-em-cultura-oceanica\\\/#breadcrumb\",\"itemListElement\":[{\"@type\":\"ListItem\",\"position\":1,\"name\":\"In\u00edcio\",\"item\":\"https:\\\/\\\/marbrasil.org\\\/rebimar\\\/\"},{\"@type\":\"ListItem\",\"position\":2,\"name\":\"Rebimar e UFPR abrem nova turma de curso gratuito para forma\u00e7\u00e3o de professores em cultura oce\u00e2nica\"}]},{\"@type\":\"WebSite\",\"@id\":\"https:\\\/\\\/marbrasil.org\\\/rebimar\\\/#website\",\"url\":\"https:\\\/\\\/marbrasil.org\\\/rebimar\\\/\",\"name\":\"Rebimar\",\"description\":\"Programa de Recupera\u00e7\u00e3o da Biodiversidade Marinha\",\"publisher\":{\"@id\":\"https:\\\/\\\/marbrasil.org\\\/rebimar\\\/#organization\"},\"potentialAction\":[{\"@type\":\"SearchAction\",\"target\":{\"@type\":\"EntryPoint\",\"urlTemplate\":\"https:\\\/\\\/marbrasil.org\\\/rebimar\\\/?s={search_term_string}\"},\"query-input\":{\"@type\":\"PropertyValueSpecification\",\"valueRequired\":true,\"valueName\":\"search_term_string\"}}],\"inLanguage\":\"pt-BR\"},{\"@type\":\"Organization\",\"@id\":\"https:\\\/\\\/marbrasil.org\\\/rebimar\\\/#organization\",\"name\":\"Rebimar\",\"url\":\"https:\\\/\\\/marbrasil.org\\\/rebimar\\\/\",\"logo\":{\"@type\":\"ImageObject\",\"inLanguage\":\"pt-BR\",\"@id\":\"https:\\\/\\\/marbrasil.org\\\/rebimar\\\/#\\\/schema\\\/logo\\\/image\\\/\",\"url\":\"https:\\\/\\\/marbrasil.org\\\/rebimar\\\/wp-content\\\/uploads\\\/2024\\\/09\\\/logo-rebimar.png\",\"contentUrl\":\"https:\\\/\\\/marbrasil.org\\\/rebimar\\\/wp-content\\\/uploads\\\/2024\\\/09\\\/logo-rebimar.png\",\"width\":500,\"height\":131,\"caption\":\"Rebimar\"},\"image\":{\"@id\":\"https:\\\/\\\/marbrasil.org\\\/rebimar\\\/#\\\/schema\\\/logo\\\/image\\\/\"}},{\"@type\":\"Person\",\"@id\":\"https:\\\/\\\/marbrasil.org\\\/rebimar\\\/#\\\/schema\\\/person\\\/b3905692459aa8d203f40be261b1b32d\",\"name\":\"Comunica\u00e7\u00e3o Rebimar\",\"image\":{\"@type\":\"ImageObject\",\"inLanguage\":\"pt-BR\",\"@id\":\"https:\\\/\\\/secure.gravatar.com\\\/avatar\\\/a6f1c6f336084e508d74fc4f5809b749bd68a503624517d3cdf167bde7717e95?s=96&d=mm&r=g\",\"url\":\"https:\\\/\\\/secure.gravatar.com\\\/avatar\\\/a6f1c6f336084e508d74fc4f5809b749bd68a503624517d3cdf167bde7717e95?s=96&d=mm&r=g\",\"contentUrl\":\"https:\\\/\\\/secure.gravatar.com\\\/avatar\\\/a6f1c6f336084e508d74fc4f5809b749bd68a503624517d3cdf167bde7717e95?s=96&d=mm&r=g\",\"caption\":\"Comunica\u00e7\u00e3o Rebimar\"},\"url\":\"https:\\\/\\\/marbrasil.org\\\/rebimar\\\/author\\\/comunicacao\\\/\"}]}<\/script>\n<!-- \/ Yoast SEO plugin. -->","yoast_head_json":{"title":"Rebimar e UFPR abrem nova turma de curso gratuito para forma\u00e7\u00e3o de professores em cultura oce\u00e2nica - Rebimar","robots":{"index":"index","follow":"follow","max-snippet":"max-snippet:-1","max-image-preview":"max-image-preview:large","max-video-preview":"max-video-preview:-1"},"canonical":"https:\/\/marbrasil.org\/rebimar\/rebimar-e-ufpr-abrem-nova-turma-de-curso-gratuito-para-formacao-de-professores-em-cultura-oceanica\/","og_locale":"pt_BR","og_type":"article","og_title":"Rebimar e UFPR abrem nova turma de curso gratuito para forma\u00e7\u00e3o de professores em cultura oce\u00e2nica - Rebimar","og_description":"Forma\u00e7\u00e3o on-line aborda Mata Atl\u00e2ntica, oceano e biodiversidade e oferece materiais pedag\u00f3gicos para uso em sala de aula &nbsp; O Programa de Recupera\u00e7\u00e3o da Biodiversidade Marinha (Rebimar), em parceria com a Universidade Federal do Paran\u00e1 (UFPR), abre inscri\u00e7\u00f5es para a nova turma do Curso de Forma\u00e7\u00e3o de Professores: Mata Atl\u00e2ntica e Oceano. Gratuita e on-line, [&hellip;]","og_url":"https:\/\/marbrasil.org\/rebimar\/rebimar-e-ufpr-abrem-nova-turma-de-curso-gratuito-para-formacao-de-professores-em-cultura-oceanica\/","og_site_name":"Rebimar","article_published_time":"2026-08-31T21:24:51+00:00","og_image":[{"width":2560,"height":1707,"url":"https:\/\/marbrasil.org\/rebimar\/wp-content\/uploads\/2026\/08\/Cafe-em-Curso_REBIMAR-36-scaled.jpg","type":"image\/jpeg"}],"author":"Comunica\u00e7\u00e3o Rebimar","twitter_card":"summary_large_image","twitter_misc":{"Escrito por":"Comunica\u00e7\u00e3o Rebimar","Est. tempo de leitura":"8 minutos"},"schema":{"@context":"https:\/\/schema.org","@graph":[{"@type":"Article","@id":"https:\/\/marbrasil.org\/rebimar\/rebimar-e-ufpr-abrem-nova-turma-de-curso-gratuito-para-formacao-de-professores-em-cultura-oceanica\/#article","isPartOf":{"@id":"https:\/\/marbrasil.org\/rebimar\/rebimar-e-ufpr-abrem-nova-turma-de-curso-gratuito-para-formacao-de-professores-em-cultura-oceanica\/"},"author":{"name":"Comunica\u00e7\u00e3o Rebimar","@id":"https:\/\/marbrasil.org\/rebimar\/#\/schema\/person\/b3905692459aa8d203f40be261b1b32d"},"headline":"Rebimar e UFPR abrem nova turma de curso gratuito para forma\u00e7\u00e3o de professores em cultura oce\u00e2nica","datePublished":"2026-08-31T21:24:51+00:00","mainEntityOfPage":{"@id":"https:\/\/marbrasil.org\/rebimar\/rebimar-e-ufpr-abrem-nova-turma-de-curso-gratuito-para-formacao-de-professores-em-cultura-oceanica\/"},"wordCount":1305,"commentCount":0,"publisher":{"@id":"https:\/\/marbrasil.org\/rebimar\/#organization"},"image":{"@id":"https:\/\/marbrasil.org\/rebimar\/rebimar-e-ufpr-abrem-nova-turma-de-curso-gratuito-para-formacao-de-professores-em-cultura-oceanica\/#primaryimage"},"thumbnailUrl":"https:\/\/marbrasil.org\/rebimar\/wp-content\/uploads\/2026\/08\/Cafe-em-Curso_REBIMAR-36-scaled.jpg","keywords":["Associa\u00e7\u00e3o MarBrasil","curso para professores","educa\u00e7\u00e3o ambiental","Labmovel UFPR","Litoral do Paran\u00e1","Petrobras Socioambiental"],"articleSection":["Release"],"inLanguage":"pt-BR","potentialAction":[{"@type":"CommentAction","name":"Comment","target":["https:\/\/marbrasil.org\/rebimar\/rebimar-e-ufpr-abrem-nova-turma-de-curso-gratuito-para-formacao-de-professores-em-cultura-oceanica\/#respond"]}]},{"@type":"WebPage","@id":"https:\/\/marbrasil.org\/rebimar\/rebimar-e-ufpr-abrem-nova-turma-de-curso-gratuito-para-formacao-de-professores-em-cultura-oceanica\/","url":"https:\/\/marbrasil.org\/rebimar\/rebimar-e-ufpr-abrem-nova-turma-de-curso-gratuito-para-formacao-de-professores-em-cultura-oceanica\/","name":"Rebimar e UFPR abrem nova turma de curso gratuito para forma\u00e7\u00e3o de professores em cultura oce\u00e2nica - Rebimar","isPartOf":{"@id":"https:\/\/marbrasil.org\/rebimar\/#website"},"primaryImageOfPage":{"@id":"https:\/\/marbrasil.org\/rebimar\/rebimar-e-ufpr-abrem-nova-turma-de-curso-gratuito-para-formacao-de-professores-em-cultura-oceanica\/#primaryimage"},"image":{"@id":"https:\/\/marbrasil.org\/rebimar\/rebimar-e-ufpr-abrem-nova-turma-de-curso-gratuito-para-formacao-de-professores-em-cultura-oceanica\/#primaryimage"},"thumbnailUrl":"https:\/\/marbrasil.org\/rebimar\/wp-content\/uploads\/2026\/08\/Cafe-em-Curso_REBIMAR-36-scaled.jpg","datePublished":"2026-08-31T21:24:51+00:00","breadcrumb":{"@id":"https:\/\/marbrasil.org\/rebimar\/rebimar-e-ufpr-abrem-nova-turma-de-curso-gratuito-para-formacao-de-professores-em-cultura-oceanica\/#breadcrumb"},"inLanguage":"pt-BR","potentialAction":[{"@type":"ReadAction","target":["https:\/\/marbrasil.org\/rebimar\/rebimar-e-ufpr-abrem-nova-turma-de-curso-gratuito-para-formacao-de-professores-em-cultura-oceanica\/"]}]},{"@type":"ImageObject","inLanguage":"pt-BR","@id":"https:\/\/marbrasil.org\/rebimar\/rebimar-e-ufpr-abrem-nova-turma-de-curso-gratuito-para-formacao-de-professores-em-cultura-oceanica\/#primaryimage","url":"https:\/\/marbrasil.org\/rebimar\/wp-content\/uploads\/2026\/08\/Cafe-em-Curso_REBIMAR-36-scaled.jpg","contentUrl":"https:\/\/marbrasil.org\/rebimar\/wp-content\/uploads\/2026\/08\/Cafe-em-Curso_REBIMAR-36-scaled.jpg","width":2560,"height":1707},{"@type":"BreadcrumbList","@id":"https:\/\/marbrasil.org\/rebimar\/rebimar-e-ufpr-abrem-nova-turma-de-curso-gratuito-para-formacao-de-professores-em-cultura-oceanica\/#breadcrumb","itemListElement":[{"@type":"ListItem","position":1,"name":"In\u00edcio","item":"https:\/\/marbrasil.org\/rebimar\/"},{"@type":"ListItem","position":2,"name":"Rebimar e UFPR abrem nova turma de curso gratuito para forma\u00e7\u00e3o de professores em cultura oce\u00e2nica"}]},{"@type":"WebSite","@id":"https:\/\/marbrasil.org\/rebimar\/#website","url":"https:\/\/marbrasil.org\/rebimar\/","name":"Rebimar","description":"Programa de Recupera\u00e7\u00e3o da Biodiversidade Marinha","publisher":{"@id":"https:\/\/marbrasil.org\/rebimar\/#organization"},"potentialAction":[{"@type":"SearchAction","target":{"@type":"EntryPoint","urlTemplate":"https:\/\/marbrasil.org\/rebimar\/?s={search_term_string}"},"query-input":{"@type":"PropertyValueSpecification","valueRequired":true,"valueName":"search_term_string"}}],"inLanguage":"pt-BR"},{"@type":"Organization","@id":"https:\/\/marbrasil.org\/rebimar\/#organization","name":"Rebimar","url":"https:\/\/marbrasil.org\/rebimar\/","logo":{"@type":"ImageObject","inLanguage":"pt-BR","@id":"https:\/\/marbrasil.org\/rebimar\/#\/schema\/logo\/image\/","url":"https:\/\/marbrasil.org\/rebimar\/wp-content\/uploads\/2024\/09\/logo-rebimar.png","contentUrl":"https:\/\/marbrasil.org\/rebimar\/wp-content\/uploads\/2024\/09\/logo-rebimar.png","width":500,"height":131,"caption":"Rebimar"},"image":{"@id":"https:\/\/marbrasil.org\/rebimar\/#\/schema\/logo\/image\/"}},{"@type":"Person","@id":"https:\/\/marbrasil.org\/rebimar\/#\/schema\/person\/b3905692459aa8d203f40be261b1b32d","name":"Comunica\u00e7\u00e3o Rebimar","image":{"@type":"ImageObject","inLanguage":"pt-BR","@id":"https:\/\/secure.gravatar.com\/avatar\/a6f1c6f336084e508d74fc4f5809b749bd68a503624517d3cdf167bde7717e95?s=96&d=mm&r=g","url":"https:\/\/secure.gravatar.com\/avatar\/a6f1c6f336084e508d74fc4f5809b749bd68a503624517d3cdf167bde7717e95?s=96&d=mm&r=g","contentUrl":"https:\/\/secure.gravatar.com\/avatar\/a6f1c6f336084e508d74fc4f5809b749bd68a503624517d3cdf167bde7717e95?s=96&d=mm&r=g","caption":"Comunica\u00e7\u00e3o Rebimar"},"url":"https:\/\/marbrasil.org\/rebimar\/author\/comunicacao\/"}]}},"_links":{"self":[{"href":"https:\/\/marbrasil.org\/rebimar\/wp-json\/wp\/v2\/posts\/2356","targetHints":{"allow":["GET"]}}],"collection":[{"href":"https:\/\/marbrasil.org\/rebimar\/wp-json\/wp\/v2\/posts"}],"about":[{"href":"https:\/\/marbrasil.org\/rebimar\/wp-json\/wp\/v2\/types\/post"}],"author":[{"embeddable":true,"href":"https:\/\/marbrasil.org\/rebimar\/wp-json\/wp\/v2\/users\/5"}],"replies":[{"embeddable":true,"href":"https:\/\/marbrasil.org\/rebimar\/wp-json\/wp\/v2\/comments?post=2356"}],"version-history":[{"count":3,"href":"https:\/\/marbrasil.org\/rebimar\/wp-json\/wp\/v2\/posts\/2356\/revisions"}],"predecessor-version":[{"id":2368,"href":"https:\/\/marbrasil.org\/rebimar\/wp-json\/wp\/v2\/posts\/2356\/revisions\/2368"}],"wp:featuredmedia":[{"embeddable":true,"href":"https:\/\/marbrasil.org\/rebimar\/wp-json\/wp\/v2\/media\/2363"}],"wp:attachment":[{"href":"https:\/\/marbrasil.org\/rebimar\/wp-json\/wp\/v2\/media?parent=2356"}],"wp:term":[{"taxonomy":"category","embeddable":true,"href":"https:\/\/marbrasil.org\/rebimar\/wp-json\/wp\/v2\/categories?post=2356"},{"taxonomy":"post_tag","embeddable":true,"href":"https:\/\/marbrasil.org\/rebimar\/wp-json\/wp\/v2\/tags?post=2356"}],"curies":[{"name":"wp","href":"https:\/\/api.w.org\/{rel}","templated":true}]}}