{"id":2369,"date":"2026-08-31T18:31:35","date_gmt":"2026-08-31T21:31:35","guid":{"rendered":"https:\/\/marbrasil.org\/rebimar\/?p=2369"},"modified":"2026-09-01T16:20:12","modified_gmt":"2026-09-01T19:20:12","slug":"chegou-a-hora-litoral-recebe-grande-acao-de-limpeza-de-praias-e-manguezal","status":"publish","type":"post","link":"https:\/\/marbrasil.org\/rebimar\/chegou-a-hora-litoral-recebe-grande-acao-de-limpeza-de-praias-e-manguezal\/","title":{"rendered":"Chegou a hora! Litoral recebe grande a\u00e7\u00e3o de limpeza de praias e manguezal"},"content":{"rendered":"<p style=\"text-align: center;\"><em>A\u00e7\u00e3o ser\u00e1 no 19 de setembro e volunt\u00e1rios s\u00e3o convidados a participar em v\u00e1rias cidades<\/em><\/p>\n<p>&nbsp;<\/p>\n<figure id=\"attachment_2372\" aria-describedby=\"caption-attachment-2372\" style=\"width: 2560px\" class=\"wp-caption aligncenter\"><img fetchpriority=\"high\" decoding=\"async\" class=\"wp-image-2372 size-full\" src=\"https:\/\/marbrasil.org\/rebimar\/wp-content\/uploads\/2026\/08\/Copia-de-Limpeza-de-Praias_20250920-51-scaled.jpg\" alt=\"\" width=\"2560\" height=\"1707\" srcset=\"https:\/\/marbrasil.org\/rebimar\/wp-content\/uploads\/2026\/08\/Copia-de-Limpeza-de-Praias_20250920-51-scaled.jpg 2560w, https:\/\/marbrasil.org\/rebimar\/wp-content\/uploads\/2026\/08\/Copia-de-Limpeza-de-Praias_20250920-51-300x200.jpg 300w, https:\/\/marbrasil.org\/rebimar\/wp-content\/uploads\/2026\/08\/Copia-de-Limpeza-de-Praias_20250920-51-1024x683.jpg 1024w, https:\/\/marbrasil.org\/rebimar\/wp-content\/uploads\/2026\/08\/Copia-de-Limpeza-de-Praias_20250920-51-768x512.jpg 768w, https:\/\/marbrasil.org\/rebimar\/wp-content\/uploads\/2026\/08\/Copia-de-Limpeza-de-Praias_20250920-51-1536x1024.jpg 1536w, https:\/\/marbrasil.org\/rebimar\/wp-content\/uploads\/2026\/08\/Copia-de-Limpeza-de-Praias_20250920-51-2048x1365.jpg 2048w\" sizes=\"(max-width: 2560px) 100vw, 2560px\" \/><figcaption id=\"caption-attachment-2372\" class=\"wp-caption-text\">Foto: Gabriel Marchi.<\/figcaption><\/figure>\n<p>&nbsp;<\/p>\n<p>O litoral do Paran\u00e1 ser\u00e1 palco de uma importante a\u00e7\u00e3o de conscientiza\u00e7\u00e3o ambiental<strong>, <\/strong>durante o Dia Mundial de Limpeza de Rios, Praias e Lagos, no pr\u00f3ximo dia <strong>19 de setembro.<\/strong> O <strong><em>World Clean Up Day<\/em> <\/strong>\u00e9 uma iniciativa global, que ocorre em praias do mundo todo, sempre no terceiro s\u00e1bado do m\u00eas de setembro. Este ano, a a\u00e7\u00e3o vai reunir centenas de volunt\u00e1rios em Pontal do Paran\u00e1, Paranagu\u00e1, Guaratuba e Antonina.<\/p>\n<p>&nbsp;<\/p>\n<p>Os <strong>locais estrat\u00e9gicos<\/strong> foram definidos para facilitar a participa\u00e7\u00e3o dos volunt\u00e1rios e o transporte dos materiais coletados. Em <strong>Pontal do Paran\u00e1<\/strong>, os volunt\u00e1rios partir\u00e3o de Pontal do Sul, sob a coordena\u00e7\u00e3o do Programa de Recupera\u00e7\u00e3o da Biodiversidade Marinha (Rebimar), iniciativa da Associa\u00e7\u00e3o MarBrasil patrocinada pelo programa Petrobras Socioambiental, e do Instituto Mater Natura. Diversas empresas, escolas, organiza\u00e7\u00f5es e volunt\u00e1rios j\u00e1 confirmaram a presen\u00e7a.<\/p>\n<p>&nbsp;<\/p>\n<p>A <strong>UFPR <\/strong>\u00e9 parceira da a\u00e7\u00e3o, e estudantes que participarem receber\u00e3o certificados. As <strong>inscri\u00e7\u00f5es <\/strong>podem ser feitas neste <a href=\"https:\/\/forms.cloud.microsoft\/r\/0tMzi14aU6\">formul\u00e1rio<\/a>.<\/p>\n<p>&nbsp;<\/p>\n<p>Muito al\u00e9m de despoluir o litoral, a proposta \u00e9 sensibilizar as pessoas sobre a import\u00e2ncia de cuidar do oceano. \u201c<em>A cada ano, vemos mais pessoas se juntando como volunt\u00e1rias nessa a\u00e7\u00e3o, e isso \u00e9 muito legal. Claro que retirar toneladas de res\u00edduos das nossas praias faz uma diferen\u00e7a enorme, mas acho que o Dia Mundial de Limpeza de Rios e Praias vai muito al\u00e9m disso<\/em>\u201d, comenta a coordenadora-geral do Rebimar, Lilyane de Oliveira Santos Fontoura.<\/p>\n<p>&nbsp;<\/p>\n<p>\u201c<em>\u00c9 uma a\u00e7\u00e3o muito simb\u00f3lica, que mostra a for\u00e7a que temos quando todo mundo se une pela conserva\u00e7\u00e3o. \u00c9 lindo ver aquele mar de gente, com o mesmo objetivo e por uma causa t\u00e3o importante. Para o Rebimar, esse dia j\u00e1 virou uma tradi\u00e7\u00e3o e um momento de mobiliza\u00e7\u00e3o pela conserva\u00e7\u00e3o do oceano<\/em>\u201d, completa a ocean\u00f3grafa.<\/p>\n<p>&nbsp;<\/p>\n<figure id=\"attachment_2371\" aria-describedby=\"caption-attachment-2371\" style=\"width: 2560px\" class=\"wp-caption alignnone\"><img decoding=\"async\" class=\"wp-image-2371 size-full\" src=\"https:\/\/marbrasil.org\/rebimar\/wp-content\/uploads\/2026\/08\/Copia-de-Limpeza-de-Praias_20250920-18-scaled.jpg\" alt=\"\" width=\"2560\" height=\"1920\" srcset=\"https:\/\/marbrasil.org\/rebimar\/wp-content\/uploads\/2026\/08\/Copia-de-Limpeza-de-Praias_20250920-18-scaled.jpg 2560w, https:\/\/marbrasil.org\/rebimar\/wp-content\/uploads\/2026\/08\/Copia-de-Limpeza-de-Praias_20250920-18-300x225.jpg 300w, https:\/\/marbrasil.org\/rebimar\/wp-content\/uploads\/2026\/08\/Copia-de-Limpeza-de-Praias_20250920-18-1024x768.jpg 1024w, https:\/\/marbrasil.org\/rebimar\/wp-content\/uploads\/2026\/08\/Copia-de-Limpeza-de-Praias_20250920-18-768x576.jpg 768w, https:\/\/marbrasil.org\/rebimar\/wp-content\/uploads\/2026\/08\/Copia-de-Limpeza-de-Praias_20250920-18-1536x1152.jpg 1536w, https:\/\/marbrasil.org\/rebimar\/wp-content\/uploads\/2026\/08\/Copia-de-Limpeza-de-Praias_20250920-18-2048x1536.jpg 2048w\" sizes=\"(max-width: 2560px) 100vw, 2560px\" \/><figcaption id=\"caption-attachment-2371\" class=\"wp-caption-text\">Foto: Gabriel Marchi.<\/figcaption><\/figure>\n<p>&nbsp;<\/p>\n<p>Os volunt\u00e1rios receber\u00e3o lanches e poder\u00e3o reabastecer as garrafinhas de \u00e1gua. Ser\u00e3o distribu\u00eddos sacos de lixo resistentes e luvas reutiliz\u00e1veis de jardinagem, substituindo as luvas de l\u00e1tex, como parte dos esfor\u00e7os para reduzir a gera\u00e7\u00e3o de res\u00edduos. \u00c9 recomendado o uso de filtro solar, bon\u00e9 ou chap\u00e9u. Para a limpeza no manguezal, recomenda-se ainda o uso de cal\u00e7ado fechado com cadar\u00e7o e repelente. A previs\u00e3o \u00e9 que a a\u00e7\u00e3o dure cerca de duas horas, sendo adiada em caso de chuva.<\/p>\n<p>&nbsp;<\/p>\n<p><strong>Destino dos Res\u00edduos &#8211; <\/strong>Ap\u00f3s a a\u00e7\u00e3o, os res\u00edduos ser\u00e3o pesados e analisados pelos pesquisadores em lixo no mar do Rebimar. Em seguida, ser\u00e3o encaminhados a associa\u00e7\u00f5es de coletores locais para destina\u00e7\u00e3o adequada.<\/p>\n<p>&nbsp;<\/p>\n<p>&nbsp;<\/p>\n<figure id=\"attachment_2370\" aria-describedby=\"caption-attachment-2370\" style=\"width: 2560px\" class=\"wp-caption alignnone\"><img decoding=\"async\" class=\"wp-image-2370 size-full\" src=\"https:\/\/marbrasil.org\/rebimar\/wp-content\/uploads\/2026\/08\/Copia-de-Limpeza-de-Praias_20250920-40-scaled.jpg\" alt=\"\" width=\"2560\" height=\"1707\" srcset=\"https:\/\/marbrasil.org\/rebimar\/wp-content\/uploads\/2026\/08\/Copia-de-Limpeza-de-Praias_20250920-40-scaled.jpg 2560w, https:\/\/marbrasil.org\/rebimar\/wp-content\/uploads\/2026\/08\/Copia-de-Limpeza-de-Praias_20250920-40-300x200.jpg 300w, https:\/\/marbrasil.org\/rebimar\/wp-content\/uploads\/2026\/08\/Copia-de-Limpeza-de-Praias_20250920-40-1024x683.jpg 1024w, https:\/\/marbrasil.org\/rebimar\/wp-content\/uploads\/2026\/08\/Copia-de-Limpeza-de-Praias_20250920-40-768x512.jpg 768w, https:\/\/marbrasil.org\/rebimar\/wp-content\/uploads\/2026\/08\/Copia-de-Limpeza-de-Praias_20250920-40-1536x1024.jpg 1536w, https:\/\/marbrasil.org\/rebimar\/wp-content\/uploads\/2026\/08\/Copia-de-Limpeza-de-Praias_20250920-40-2048x1365.jpg 2048w\" sizes=\"(max-width: 2560px) 100vw, 2560px\" \/><figcaption id=\"caption-attachment-2370\" class=\"wp-caption-text\">Foto: Gabriel Marchi.<\/figcaption><\/figure>\n<p><strong>\u00a0<\/strong><\/p>\n<p><strong>\u00a0<\/strong><\/p>\n<p><strong>Servi\u00e7o:<\/strong><\/p>\n<ul>\n<li><strong>Data:<\/strong> 19 de setembro (s\u00e1bado)<\/li>\n<li><strong>Hor\u00e1rio:<\/strong> 8h30<\/li>\n<li><strong>Locais de Encontro:<\/strong>\n<ul>\n<li><strong>Pontal do Paran\u00e1:<\/strong> Praia de Pontal do Sul, em frente a passarela.<\/li>\n<li><strong>Paranagu\u00e1:<\/strong> Rua Bahia, 230, Vila do Povo.<\/li>\n<li><strong>Matinhos:<\/strong> orla da Praia Brava em frente ao SESC Caiob\u00e1. Haver\u00e1 barraca kids com atividades para crian\u00e7as at\u00e9 as 11h30.<\/li>\n<li><strong>Guaratuba: <\/strong>(8h00) letreiro da Praia Central.<\/li>\n<\/ul>\n<\/li>\n<\/ul>\n<p><strong>\u00a0<\/strong><\/p>\n<p><strong>Em Antonina a a\u00e7\u00e3o ser\u00e1 no dia 17\/09,<\/strong> quinta-feira, em acordo com pescadores e a Portos do Paran\u00e1 que dar\u00e1 apoio log\u00edstico para a limpeza.\u00a0 O ponto de encontro \u00e9 o trapiche Municipal de Antonina, na Pra\u00e7a Feira Mar, \u00e0s 8h30.<\/p>\n<p><strong>\u00a0<\/strong><\/p>\n<p>&nbsp;<\/p>\n<p><strong>Realiza\u00e7\u00e3o:<\/strong> Associa\u00e7\u00e3o MarBrasil, SESC Matinhos, SESC Paranagu\u00e1, Mater Natura, UFPR Litoral, SPVS, Coaliz\u00e3o Paran\u00e1 pela D\u00e9cada do Oceano, Instituto Guaju, Prefeitura de Pontal do Paran\u00e1, LEME Meio Ambiente &amp; Cultura e Col\u00f4nia de Pescadores Z8 de Antonina.<\/p>\n<p>&nbsp;<\/p>\n<p><strong>Apoio<\/strong>: Petrobras, Repar, MarMar\u00e9, Fecom\u00e9rcio, IFPR, Unespar, Grupo KWM, LEC-UFPR, Lacons-IFPR, Labm\u00f3vel-UFPR, e Associa\u00e7\u00f5es de Coletores Nova Esperan\u00e7a, Amage, Amcorespp, Prefeitura Municipal de Antonina e Portos do Paran\u00e1.<\/p>\n<p><img loading=\"lazy\" decoding=\"async\" class=\"aligncenter wp-image-2373 size-full\" src=\"https:\/\/marbrasil.org\/rebimar\/wp-content\/uploads\/2026\/08\/Limpeza-de-praias-2026-3.jpg\" alt=\"\" width=\"1080\" height=\"1080\" srcset=\"https:\/\/marbrasil.org\/rebimar\/wp-content\/uploads\/2026\/08\/Limpeza-de-praias-2026-3.jpg 1080w, https:\/\/marbrasil.org\/rebimar\/wp-content\/uploads\/2026\/08\/Limpeza-de-praias-2026-3-300x300.jpg 300w, https:\/\/marbrasil.org\/rebimar\/wp-content\/uploads\/2026\/08\/Limpeza-de-praias-2026-3-1024x1024.jpg 1024w, https:\/\/marbrasil.org\/rebimar\/wp-content\/uploads\/2026\/08\/Limpeza-de-praias-2026-3-150x150.jpg 150w, https:\/\/marbrasil.org\/rebimar\/wp-content\/uploads\/2026\/08\/Limpeza-de-praias-2026-3-768x768.jpg 768w\" sizes=\"(max-width: 1080px) 100vw, 1080px\" \/><\/p>\n<p>&nbsp;<\/p>\n<p>&nbsp;<\/p>\n<p>&nbsp;<\/p>\n<p>&nbsp;<\/p>\n<p>&nbsp;<\/p>\n<p>&nbsp;<\/p>\n","protected":false},"excerpt":{"rendered":"<p>A\u00e7\u00e3o ser\u00e1 no 19 de setembro e volunt\u00e1rios s\u00e3o convidados a participar em v\u00e1rias cidades &nbsp; &nbsp; O litoral do Paran\u00e1 ser\u00e1 palco de uma importante a\u00e7\u00e3o de conscientiza\u00e7\u00e3o ambiental, durante o Dia Mundial de Limpeza de Rios, Praias e Lagos, no pr\u00f3ximo dia 19 de setembro. O World Clean Up Day \u00e9 uma iniciativa [&hellip;]<\/p>\n","protected":false},"author":5,"featured_media":2372,"comment_status":"open","ping_status":"open","sticky":false,"template":"","format":"standard","meta":{"footnotes":""},"categories":[67,1],"tags":[90,49,46,48],"class_list":["post-2369","post","type-post","status-publish","format-standard","has-post-thumbnail","hentry","category-noticia","category-release","tag-coalizao-parana-pela-decada-do-oceano","tag-dia-mundial-da-limpeza","tag-limpeza-de-praias","tag-litoral-do-parana"],"yoast_head":"<!-- This site is optimized with the Yoast SEO plugin v28.3 - https:\/\/yoast.com\/product\/yoast-seo-wordpress\/ -->\n<title>Chegou a hora! Litoral recebe grande a\u00e7\u00e3o de limpeza de praias e manguezal - Rebimar<\/title>\n<meta name=\"robots\" content=\"index, follow, max-snippet:-1, max-image-preview:large, max-video-preview:-1\" \/>\n<link rel=\"canonical\" href=\"https:\/\/marbrasil.org\/rebimar\/chegou-a-hora-litoral-recebe-grande-acao-de-limpeza-de-praias-e-manguezal\/\" \/>\n<meta property=\"og:locale\" content=\"pt_BR\" \/>\n<meta property=\"og:type\" content=\"article\" \/>\n<meta property=\"og:title\" content=\"Chegou a hora! Litoral recebe grande a\u00e7\u00e3o de limpeza de praias e manguezal - Rebimar\" \/>\n<meta property=\"og:description\" content=\"A\u00e7\u00e3o ser\u00e1 no 19 de setembro e volunt\u00e1rios s\u00e3o convidados a participar em v\u00e1rias cidades &nbsp; &nbsp; O litoral do Paran\u00e1 ser\u00e1 palco de uma importante a\u00e7\u00e3o de conscientiza\u00e7\u00e3o ambiental, durante o Dia Mundial de Limpeza de Rios, Praias e Lagos, no pr\u00f3ximo dia 19 de setembro. O World Clean Up Day \u00e9 uma iniciativa [&hellip;]\" \/>\n<meta property=\"og:url\" content=\"https:\/\/marbrasil.org\/rebimar\/chegou-a-hora-litoral-recebe-grande-acao-de-limpeza-de-praias-e-manguezal\/\" \/>\n<meta property=\"og:site_name\" content=\"Rebimar\" \/>\n<meta property=\"article:published_time\" content=\"2026-08-31T21:31:35+00:00\" \/>\n<meta property=\"article:modified_time\" content=\"2026-09-01T19:20:12+00:00\" \/>\n<meta property=\"og:image\" content=\"https:\/\/marbrasil.org\/rebimar\/wp-content\/uploads\/2026\/08\/Copia-de-Limpeza-de-Praias_20250920-51-scaled.jpg\" \/>\n\t<meta property=\"og:image:width\" content=\"2560\" \/>\n\t<meta property=\"og:image:height\" content=\"1707\" \/>\n\t<meta property=\"og:image:type\" content=\"image\/jpeg\" \/>\n<meta name=\"author\" content=\"Comunica\u00e7\u00e3o Rebimar\" \/>\n<meta name=\"twitter:card\" content=\"summary_large_image\" \/>\n<meta name=\"twitter:label1\" content=\"Escrito por\" \/>\n\t<meta name=\"twitter:data1\" content=\"Comunica\u00e7\u00e3o Rebimar\" \/>\n\t<meta name=\"twitter:label2\" content=\"Est. tempo de leitura\" \/>\n\t<meta name=\"twitter:data2\" content=\"5 minutos\" \/>\n<script type=\"application\/ld+json\" class=\"yoast-schema-graph\">{\"@context\":\"https:\\\/\\\/schema.org\",\"@graph\":[{\"@type\":\"Article\",\"@id\":\"https:\\\/\\\/marbrasil.org\\\/rebimar\\\/chegou-a-hora-litoral-recebe-grande-acao-de-limpeza-de-praias-e-manguezal\\\/#article\",\"isPartOf\":{\"@id\":\"https:\\\/\\\/marbrasil.org\\\/rebimar\\\/chegou-a-hora-litoral-recebe-grande-acao-de-limpeza-de-praias-e-manguezal\\\/\"},\"author\":{\"name\":\"Comunica\u00e7\u00e3o Rebimar\",\"@id\":\"https:\\\/\\\/marbrasil.org\\\/rebimar\\\/#\\\/schema\\\/person\\\/b3905692459aa8d203f40be261b1b32d\"},\"headline\":\"Chegou a hora! Litoral recebe grande a\u00e7\u00e3o de limpeza de praias e manguezal\",\"datePublished\":\"2026-08-31T21:31:35+00:00\",\"dateModified\":\"2026-09-01T19:20:12+00:00\",\"mainEntityOfPage\":{\"@id\":\"https:\\\/\\\/marbrasil.org\\\/rebimar\\\/chegou-a-hora-litoral-recebe-grande-acao-de-limpeza-de-praias-e-manguezal\\\/\"},\"wordCount\":704,\"commentCount\":0,\"publisher\":{\"@id\":\"https:\\\/\\\/marbrasil.org\\\/rebimar\\\/#organization\"},\"image\":{\"@id\":\"https:\\\/\\\/marbrasil.org\\\/rebimar\\\/chegou-a-hora-litoral-recebe-grande-acao-de-limpeza-de-praias-e-manguezal\\\/#primaryimage\"},\"thumbnailUrl\":\"https:\\\/\\\/marbrasil.org\\\/rebimar\\\/wp-content\\\/uploads\\\/2026\\\/08\\\/Copia-de-Limpeza-de-Praias_20250920-51-scaled.jpg\",\"keywords\":[\"Coaliz\u00e3o Paran\u00e1 pela D\u00e9cada do Oceano\",\"Dia Mundial da Limpeza\",\"Limpeza de praias\",\"Litoral do Paran\u00e1\"],\"articleSection\":[\"not\u00edcia\",\"Release\"],\"inLanguage\":\"pt-BR\",\"potentialAction\":[{\"@type\":\"CommentAction\",\"name\":\"Comment\",\"target\":[\"https:\\\/\\\/marbrasil.org\\\/rebimar\\\/chegou-a-hora-litoral-recebe-grande-acao-de-limpeza-de-praias-e-manguezal\\\/#respond\"]}]},{\"@type\":\"WebPage\",\"@id\":\"https:\\\/\\\/marbrasil.org\\\/rebimar\\\/chegou-a-hora-litoral-recebe-grande-acao-de-limpeza-de-praias-e-manguezal\\\/\",\"url\":\"https:\\\/\\\/marbrasil.org\\\/rebimar\\\/chegou-a-hora-litoral-recebe-grande-acao-de-limpeza-de-praias-e-manguezal\\\/\",\"name\":\"Chegou a hora! Litoral recebe grande a\u00e7\u00e3o de limpeza de praias e manguezal - Rebimar\",\"isPartOf\":{\"@id\":\"https:\\\/\\\/marbrasil.org\\\/rebimar\\\/#website\"},\"primaryImageOfPage\":{\"@id\":\"https:\\\/\\\/marbrasil.org\\\/rebimar\\\/chegou-a-hora-litoral-recebe-grande-acao-de-limpeza-de-praias-e-manguezal\\\/#primaryimage\"},\"image\":{\"@id\":\"https:\\\/\\\/marbrasil.org\\\/rebimar\\\/chegou-a-hora-litoral-recebe-grande-acao-de-limpeza-de-praias-e-manguezal\\\/#primaryimage\"},\"thumbnailUrl\":\"https:\\\/\\\/marbrasil.org\\\/rebimar\\\/wp-content\\\/uploads\\\/2026\\\/08\\\/Copia-de-Limpeza-de-Praias_20250920-51-scaled.jpg\",\"datePublished\":\"2026-08-31T21:31:35+00:00\",\"dateModified\":\"2026-09-01T19:20:12+00:00\",\"breadcrumb\":{\"@id\":\"https:\\\/\\\/marbrasil.org\\\/rebimar\\\/chegou-a-hora-litoral-recebe-grande-acao-de-limpeza-de-praias-e-manguezal\\\/#breadcrumb\"},\"inLanguage\":\"pt-BR\",\"potentialAction\":[{\"@type\":\"ReadAction\",\"target\":[\"https:\\\/\\\/marbrasil.org\\\/rebimar\\\/chegou-a-hora-litoral-recebe-grande-acao-de-limpeza-de-praias-e-manguezal\\\/\"]}]},{\"@type\":\"ImageObject\",\"inLanguage\":\"pt-BR\",\"@id\":\"https:\\\/\\\/marbrasil.org\\\/rebimar\\\/chegou-a-hora-litoral-recebe-grande-acao-de-limpeza-de-praias-e-manguezal\\\/#primaryimage\",\"url\":\"https:\\\/\\\/marbrasil.org\\\/rebimar\\\/wp-content\\\/uploads\\\/2026\\\/08\\\/Copia-de-Limpeza-de-Praias_20250920-51-scaled.jpg\",\"contentUrl\":\"https:\\\/\\\/marbrasil.org\\\/rebimar\\\/wp-content\\\/uploads\\\/2026\\\/08\\\/Copia-de-Limpeza-de-Praias_20250920-51-scaled.jpg\",\"width\":2560,\"height\":1707},{\"@type\":\"BreadcrumbList\",\"@id\":\"https:\\\/\\\/marbrasil.org\\\/rebimar\\\/chegou-a-hora-litoral-recebe-grande-acao-de-limpeza-de-praias-e-manguezal\\\/#breadcrumb\",\"itemListElement\":[{\"@type\":\"ListItem\",\"position\":1,\"name\":\"In\u00edcio\",\"item\":\"https:\\\/\\\/marbrasil.org\\\/rebimar\\\/\"},{\"@type\":\"ListItem\",\"position\":2,\"name\":\"Chegou a hora! Litoral recebe grande a\u00e7\u00e3o de limpeza de praias e manguezal\"}]},{\"@type\":\"WebSite\",\"@id\":\"https:\\\/\\\/marbrasil.org\\\/rebimar\\\/#website\",\"url\":\"https:\\\/\\\/marbrasil.org\\\/rebimar\\\/\",\"name\":\"Rebimar\",\"description\":\"Programa de Recupera\u00e7\u00e3o da Biodiversidade Marinha\",\"publisher\":{\"@id\":\"https:\\\/\\\/marbrasil.org\\\/rebimar\\\/#organization\"},\"potentialAction\":[{\"@type\":\"SearchAction\",\"target\":{\"@type\":\"EntryPoint\",\"urlTemplate\":\"https:\\\/\\\/marbrasil.org\\\/rebimar\\\/?s={search_term_string}\"},\"query-input\":{\"@type\":\"PropertyValueSpecification\",\"valueRequired\":true,\"valueName\":\"search_term_string\"}}],\"inLanguage\":\"pt-BR\"},{\"@type\":\"Organization\",\"@id\":\"https:\\\/\\\/marbrasil.org\\\/rebimar\\\/#organization\",\"name\":\"Rebimar\",\"url\":\"https:\\\/\\\/marbrasil.org\\\/rebimar\\\/\",\"logo\":{\"@type\":\"ImageObject\",\"inLanguage\":\"pt-BR\",\"@id\":\"https:\\\/\\\/marbrasil.org\\\/rebimar\\\/#\\\/schema\\\/logo\\\/image\\\/\",\"url\":\"https:\\\/\\\/marbrasil.org\\\/rebimar\\\/wp-content\\\/uploads\\\/2024\\\/09\\\/logo-rebimar.png\",\"contentUrl\":\"https:\\\/\\\/marbrasil.org\\\/rebimar\\\/wp-content\\\/uploads\\\/2024\\\/09\\\/logo-rebimar.png\",\"width\":500,\"height\":131,\"caption\":\"Rebimar\"},\"image\":{\"@id\":\"https:\\\/\\\/marbrasil.org\\\/rebimar\\\/#\\\/schema\\\/logo\\\/image\\\/\"}},{\"@type\":\"Person\",\"@id\":\"https:\\\/\\\/marbrasil.org\\\/rebimar\\\/#\\\/schema\\\/person\\\/b3905692459aa8d203f40be261b1b32d\",\"name\":\"Comunica\u00e7\u00e3o Rebimar\",\"image\":{\"@type\":\"ImageObject\",\"inLanguage\":\"pt-BR\",\"@id\":\"https:\\\/\\\/secure.gravatar.com\\\/avatar\\\/a6f1c6f336084e508d74fc4f5809b749bd68a503624517d3cdf167bde7717e95?s=96&d=mm&r=g\",\"url\":\"https:\\\/\\\/secure.gravatar.com\\\/avatar\\\/a6f1c6f336084e508d74fc4f5809b749bd68a503624517d3cdf167bde7717e95?s=96&d=mm&r=g\",\"contentUrl\":\"https:\\\/\\\/secure.gravatar.com\\\/avatar\\\/a6f1c6f336084e508d74fc4f5809b749bd68a503624517d3cdf167bde7717e95?s=96&d=mm&r=g\",\"caption\":\"Comunica\u00e7\u00e3o Rebimar\"},\"url\":\"https:\\\/\\\/marbrasil.org\\\/rebimar\\\/author\\\/comunicacao\\\/\"}]}<\/script>\n<!-- \/ Yoast SEO plugin. -->","yoast_head_json":{"title":"Chegou a hora! Litoral recebe grande a\u00e7\u00e3o de limpeza de praias e manguezal - Rebimar","robots":{"index":"index","follow":"follow","max-snippet":"max-snippet:-1","max-image-preview":"max-image-preview:large","max-video-preview":"max-video-preview:-1"},"canonical":"https:\/\/marbrasil.org\/rebimar\/chegou-a-hora-litoral-recebe-grande-acao-de-limpeza-de-praias-e-manguezal\/","og_locale":"pt_BR","og_type":"article","og_title":"Chegou a hora! Litoral recebe grande a\u00e7\u00e3o de limpeza de praias e manguezal - Rebimar","og_description":"A\u00e7\u00e3o ser\u00e1 no 19 de setembro e volunt\u00e1rios s\u00e3o convidados a participar em v\u00e1rias cidades &nbsp; &nbsp; O litoral do Paran\u00e1 ser\u00e1 palco de uma importante a\u00e7\u00e3o de conscientiza\u00e7\u00e3o ambiental, durante o Dia Mundial de Limpeza de Rios, Praias e Lagos, no pr\u00f3ximo dia 19 de setembro. O World Clean Up Day \u00e9 uma iniciativa [&hellip;]","og_url":"https:\/\/marbrasil.org\/rebimar\/chegou-a-hora-litoral-recebe-grande-acao-de-limpeza-de-praias-e-manguezal\/","og_site_name":"Rebimar","article_published_time":"2026-08-31T21:31:35+00:00","article_modified_time":"2026-09-01T19:20:12+00:00","og_image":[{"width":2560,"height":1707,"url":"https:\/\/marbrasil.org\/rebimar\/wp-content\/uploads\/2026\/08\/Copia-de-Limpeza-de-Praias_20250920-51-scaled.jpg","type":"image\/jpeg"}],"author":"Comunica\u00e7\u00e3o Rebimar","twitter_card":"summary_large_image","twitter_misc":{"Escrito por":"Comunica\u00e7\u00e3o Rebimar","Est. tempo de leitura":"5 minutos"},"schema":{"@context":"https:\/\/schema.org","@graph":[{"@type":"Article","@id":"https:\/\/marbrasil.org\/rebimar\/chegou-a-hora-litoral-recebe-grande-acao-de-limpeza-de-praias-e-manguezal\/#article","isPartOf":{"@id":"https:\/\/marbrasil.org\/rebimar\/chegou-a-hora-litoral-recebe-grande-acao-de-limpeza-de-praias-e-manguezal\/"},"author":{"name":"Comunica\u00e7\u00e3o Rebimar","@id":"https:\/\/marbrasil.org\/rebimar\/#\/schema\/person\/b3905692459aa8d203f40be261b1b32d"},"headline":"Chegou a hora! Litoral recebe grande a\u00e7\u00e3o de limpeza de praias e manguezal","datePublished":"2026-08-31T21:31:35+00:00","dateModified":"2026-09-01T19:20:12+00:00","mainEntityOfPage":{"@id":"https:\/\/marbrasil.org\/rebimar\/chegou-a-hora-litoral-recebe-grande-acao-de-limpeza-de-praias-e-manguezal\/"},"wordCount":704,"commentCount":0,"publisher":{"@id":"https:\/\/marbrasil.org\/rebimar\/#organization"},"image":{"@id":"https:\/\/marbrasil.org\/rebimar\/chegou-a-hora-litoral-recebe-grande-acao-de-limpeza-de-praias-e-manguezal\/#primaryimage"},"thumbnailUrl":"https:\/\/marbrasil.org\/rebimar\/wp-content\/uploads\/2026\/08\/Copia-de-Limpeza-de-Praias_20250920-51-scaled.jpg","keywords":["Coaliz\u00e3o Paran\u00e1 pela D\u00e9cada do Oceano","Dia Mundial da Limpeza","Limpeza de praias","Litoral do Paran\u00e1"],"articleSection":["not\u00edcia","Release"],"inLanguage":"pt-BR","potentialAction":[{"@type":"CommentAction","name":"Comment","target":["https:\/\/marbrasil.org\/rebimar\/chegou-a-hora-litoral-recebe-grande-acao-de-limpeza-de-praias-e-manguezal\/#respond"]}]},{"@type":"WebPage","@id":"https:\/\/marbrasil.org\/rebimar\/chegou-a-hora-litoral-recebe-grande-acao-de-limpeza-de-praias-e-manguezal\/","url":"https:\/\/marbrasil.org\/rebimar\/chegou-a-hora-litoral-recebe-grande-acao-de-limpeza-de-praias-e-manguezal\/","name":"Chegou a hora! Litoral recebe grande a\u00e7\u00e3o de limpeza de praias e manguezal - Rebimar","isPartOf":{"@id":"https:\/\/marbrasil.org\/rebimar\/#website"},"primaryImageOfPage":{"@id":"https:\/\/marbrasil.org\/rebimar\/chegou-a-hora-litoral-recebe-grande-acao-de-limpeza-de-praias-e-manguezal\/#primaryimage"},"image":{"@id":"https:\/\/marbrasil.org\/rebimar\/chegou-a-hora-litoral-recebe-grande-acao-de-limpeza-de-praias-e-manguezal\/#primaryimage"},"thumbnailUrl":"https:\/\/marbrasil.org\/rebimar\/wp-content\/uploads\/2026\/08\/Copia-de-Limpeza-de-Praias_20250920-51-scaled.jpg","datePublished":"2026-08-31T21:31:35+00:00","dateModified":"2026-09-01T19:20:12+00:00","breadcrumb":{"@id":"https:\/\/marbrasil.org\/rebimar\/chegou-a-hora-litoral-recebe-grande-acao-de-limpeza-de-praias-e-manguezal\/#breadcrumb"},"inLanguage":"pt-BR","potentialAction":[{"@type":"ReadAction","target":["https:\/\/marbrasil.org\/rebimar\/chegou-a-hora-litoral-recebe-grande-acao-de-limpeza-de-praias-e-manguezal\/"]}]},{"@type":"ImageObject","inLanguage":"pt-BR","@id":"https:\/\/marbrasil.org\/rebimar\/chegou-a-hora-litoral-recebe-grande-acao-de-limpeza-de-praias-e-manguezal\/#primaryimage","url":"https:\/\/marbrasil.org\/rebimar\/wp-content\/uploads\/2026\/08\/Copia-de-Limpeza-de-Praias_20250920-51-scaled.jpg","contentUrl":"https:\/\/marbrasil.org\/rebimar\/wp-content\/uploads\/2026\/08\/Copia-de-Limpeza-de-Praias_20250920-51-scaled.jpg","width":2560,"height":1707},{"@type":"BreadcrumbList","@id":"https:\/\/marbrasil.org\/rebimar\/chegou-a-hora-litoral-recebe-grande-acao-de-limpeza-de-praias-e-manguezal\/#breadcrumb","itemListElement":[{"@type":"ListItem","position":1,"name":"In\u00edcio","item":"https:\/\/marbrasil.org\/rebimar\/"},{"@type":"ListItem","position":2,"name":"Chegou a hora! Litoral recebe grande a\u00e7\u00e3o de limpeza de praias e manguezal"}]},{"@type":"WebSite","@id":"https:\/\/marbrasil.org\/rebimar\/#website","url":"https:\/\/marbrasil.org\/rebimar\/","name":"Rebimar","description":"Programa de Recupera\u00e7\u00e3o da Biodiversidade Marinha","publisher":{"@id":"https:\/\/marbrasil.org\/rebimar\/#organization"},"potentialAction":[{"@type":"SearchAction","target":{"@type":"EntryPoint","urlTemplate":"https:\/\/marbrasil.org\/rebimar\/?s={search_term_string}"},"query-input":{"@type":"PropertyValueSpecification","valueRequired":true,"valueName":"search_term_string"}}],"inLanguage":"pt-BR"},{"@type":"Organization","@id":"https:\/\/marbrasil.org\/rebimar\/#organization","name":"Rebimar","url":"https:\/\/marbrasil.org\/rebimar\/","logo":{"@type":"ImageObject","inLanguage":"pt-BR","@id":"https:\/\/marbrasil.org\/rebimar\/#\/schema\/logo\/image\/","url":"https:\/\/marbrasil.org\/rebimar\/wp-content\/uploads\/2024\/09\/logo-rebimar.png","contentUrl":"https:\/\/marbrasil.org\/rebimar\/wp-content\/uploads\/2024\/09\/logo-rebimar.png","width":500,"height":131,"caption":"Rebimar"},"image":{"@id":"https:\/\/marbrasil.org\/rebimar\/#\/schema\/logo\/image\/"}},{"@type":"Person","@id":"https:\/\/marbrasil.org\/rebimar\/#\/schema\/person\/b3905692459aa8d203f40be261b1b32d","name":"Comunica\u00e7\u00e3o Rebimar","image":{"@type":"ImageObject","inLanguage":"pt-BR","@id":"https:\/\/secure.gravatar.com\/avatar\/a6f1c6f336084e508d74fc4f5809b749bd68a503624517d3cdf167bde7717e95?s=96&d=mm&r=g","url":"https:\/\/secure.gravatar.com\/avatar\/a6f1c6f336084e508d74fc4f5809b749bd68a503624517d3cdf167bde7717e95?s=96&d=mm&r=g","contentUrl":"https:\/\/secure.gravatar.com\/avatar\/a6f1c6f336084e508d74fc4f5809b749bd68a503624517d3cdf167bde7717e95?s=96&d=mm&r=g","caption":"Comunica\u00e7\u00e3o Rebimar"},"url":"https:\/\/marbrasil.org\/rebimar\/author\/comunicacao\/"}]}},"_links":{"self":[{"href":"https:\/\/marbrasil.org\/rebimar\/wp-json\/wp\/v2\/posts\/2369","targetHints":{"allow":["GET"]}}],"collection":[{"href":"https:\/\/marbrasil.org\/rebimar\/wp-json\/wp\/v2\/posts"}],"about":[{"href":"https:\/\/marbrasil.org\/rebimar\/wp-json\/wp\/v2\/types\/post"}],"author":[{"embeddable":true,"href":"https:\/\/marbrasil.org\/rebimar\/wp-json\/wp\/v2\/users\/5"}],"replies":[{"embeddable":true,"href":"https:\/\/marbrasil.org\/rebimar\/wp-json\/wp\/v2\/comments?post=2369"}],"version-history":[{"count":2,"href":"https:\/\/marbrasil.org\/rebimar\/wp-json\/wp\/v2\/posts\/2369\/revisions"}],"predecessor-version":[{"id":2375,"href":"https:\/\/marbrasil.org\/rebimar\/wp-json\/wp\/v2\/posts\/2369\/revisions\/2375"}],"wp:featuredmedia":[{"embeddable":true,"href":"https:\/\/marbrasil.org\/rebimar\/wp-json\/wp\/v2\/media\/2372"}],"wp:attachment":[{"href":"https:\/\/marbrasil.org\/rebimar\/wp-json\/wp\/v2\/media?parent=2369"}],"wp:term":[{"taxonomy":"category","embeddable":true,"href":"https:\/\/marbrasil.org\/rebimar\/wp-json\/wp\/v2\/categories?post=2369"},{"taxonomy":"post_tag","embeddable":true,"href":"https:\/\/marbrasil.org\/rebimar\/wp-json\/wp\/v2\/tags?post=2369"}],"curies":[{"name":"wp","href":"https:\/\/api.w.org\/{rel}","templated":true}]}}